{"id":1245,"date":"2025-07-12T18:11:59","date_gmt":"2025-07-12T18:11:59","guid":{"rendered":"https:\/\/www.costabravainmobiliaria.com\/?p=1245"},"modified":"2025-07-12T18:11:59","modified_gmt":"2025-07-12T18:11:59","slug":"nova-fiscalitat-a-catalunya-el-que-has-de-saber-si-compres-vens-o-llogues-habitatge-a-girona","status":"publish","type":"post","link":"https:\/\/www.costabravainmobiliaria.com\/ca\/nova-fiscalitat-a-catalunya-el-que-has-de-saber-si-compres-vens-o-llogues-habitatge-a-girona\/","title":{"rendered":"Nova fiscalitat a Catalunya: el que has de saber si compres, vens o llogues habitatge a Girona"},"content":{"rendered":"<p class=\"p1\">A <a href=\"https:\/\/www.finquescostabrava.es\/\"><i>Finques Costa Brava<\/i><\/a>, com a experts en el mercat immobiliari de <span class=\"s1\"><b>Palafrugell, Tamariu i tota la Costa Brava<\/b><\/span>. tot just una setmana, han entrat en vigor importants <span class=\"s1\"><b>modificacions fiscals a Catalunya<\/b><\/span> que conv\u00e9 tenir en compte, tant si est\u00e0s pensant a comprar, vendre o llogar un habitatge.<\/p>\n<h3><b>ITP progressiu: m\u00e9s impost si compres m\u00e9s car<\/b><\/h3>\n<p class=\"p1\">El <span class=\"s1\"><b>Impost de Transmissions Patrimonials (ITP)<\/b><\/span>, que es paga en comprar un habitatge de segona m\u00e0, ha deixat de tenir un tipus fix. Des d&#8217;ara, a Catalunya s&#8217;aplicar\u00e0 un <span class=\"s1\"><b>sistema progressiu<\/b> pagar\u00e0s.<\/span><\/p>\n<p class=\"p1\">Aix\u00f2 significa que si compres un habitatge per menys de 300.000 \u20ac, pagar\u00e0s menys que si compres per 600.000 \u20ac. \u00c9s un canvi rellevant que afecta especialment les propietats d&#8217;alt valor a zones com Tamariu o Llafranc.<\/p>\n<h3><b>Noves obligacions per a grans forquilles<\/b><\/h3>\n<p class=\"p1\">La Generalitat tamb\u00e9 ha actualitzat la definici\u00f3 i obligacions de l&#8217;anomenat <span class=\"s1\"><b>gran forquilla<\/b><\/span>:<\/p>\n<ul>\n<li>\n<p class=\"p1\">Es considera <span class=\"s1\"><b>gran forquilla general<\/b><\/span> a qui posseeix 10 o m\u00e9s immobles.<\/p>\n<\/li>\n<li>\n<p class=\"p1\">Es considera <span class=\"s1\"><b>gran forquilla en zona tensionada<\/b><\/span> a qui t\u00e9 5 o m\u00e9s immobles en municipis declarats com a zona de mercat residencial tensionat (com pot ser el cas de Palafrugell).<\/p>\n<\/li>\n<\/ul>\n<p class=\"p1\">Aix\u00f2 implica <span class=\"s1\"><b>restriccions en el preu del lloguer<\/b><\/span>, obligaci\u00f3 de justificar les pujades i noves exig\u00e8ncies a l&#8217;hora de registrar contractes.<\/p>\n<h3><b>Registre obligatori de n\u00fameros HUTG al Registre de la Propietat<\/b><\/h3>\n<p class=\"p1\">Un altre canvi important afecta el <span class=\"s1\"><b>lloguer tur\u00edstic<\/b><\/span>. Propietat. Aquesta mesura busca millorar el control i garantir que tots els habitatges amb \u00fas tur\u00edstic estan regularitzats.<\/p>\n<p class=\"p1\">En zones costaneres com Tamariu, Llafranc o Calella, on els lloguers tur\u00edstics s\u00f3n molt freq\u00fcents, aquest canvi afectar\u00e0 molts propietaris.<\/p>\n<h3><b>\u00bf Com t&#8217;afecta?<\/b><\/h3>\n<p class=\"p1\">A <i>Finques Costa Brava<\/i>, t&#8217;ajudem a navegar tots aquests canvis, ja sigui que vulguis <span class=\"s1\"><b>comprar un habitatge<\/b><\/span>, invertir en lloguer tur\u00edstic o regularitzar la teva situaci\u00f3 fiscal sigui conforme a la teva llei.<\/p>\n<p class=\"p4\"><b><a href=\"https:\/\/www.finquescostabrava.es\/contacto\/\">Contacta<\/a> amb la nostra immobili\u00e0ria a Palafrugell i Tamariu i resol tots els teus dubtes amb professionals del sector.<\/b><\/p>\n","protected":false},"excerpt":{"rendered":"<p>A Finques Costa Brava, com a experts en el mercat immobiliari de Palafrugell, Tamariu i tota la Costa Brava. tot just una setmana, han entrat en vigor importants modificacions fiscals a Catalunya que conv\u00e9 tenir en compte, tant si est\u00e0s pensant a comprar, vendre o llogar un habitatge. ITP progressiu: m\u00e9s impost si compres m\u00e9s [&hellip;]<\/p>\n","protected":false},"author":1,"featured_media":1243,"comment_status":"closed","ping_status":"closed","sticky":false,"template":"","format":"standard","meta":{"site-sidebar-layout":"default","site-content-layout":"default","ast-site-content-layout":"default","site-content-style":"default","site-sidebar-style":"default","ast-global-header-display":"","ast-banner-title-visibility":"","ast-main-header-display":"","ast-hfb-above-header-display":"","ast-hfb-below-header-display":"","ast-hfb-mobile-header-display":"","site-post-title":"","ast-breadcrumbs-content":"","ast-featured-img":"","footer-sml-layout":"","ast-disable-related-posts":"","theme-transparent-header-meta":"default","adv-header-id-meta":"","stick-header-meta":"","header-above-stick-meta":"","header-main-stick-meta":"","header-below-stick-meta":"","astra-migrate-meta-layouts":"default","ast-page-background-enabled":"default","ast-page-background-meta":{"desktop":{"background-color":"var(--ast-global-color-4)","background-image":"","background-repeat":"repeat","background-position":"center center","background-size":"auto","background-attachment":"scroll","background-type":"","background-media":"","overlay-type":"","overlay-color":"","overlay-opacity":"","overlay-gradient":""},"tablet":{"background-color":"","background-image":"","background-repeat":"repeat","background-position":"center center","background-size":"auto","background-attachment":"scroll","background-type":"","background-media":"","overlay-type":"","overlay-color":"","overlay-opacity":"","overlay-gradient":""},"mobile":{"background-color":"","background-image":"","background-repeat":"repeat","background-position":"center center","background-size":"auto","background-attachment":"scroll","background-type":"","background-media":"","overlay-type":"","overlay-color":"","overlay-opacity":"","overlay-gradient":""}},"ast-content-background-meta":{"desktop":{"background-color":"var(--ast-global-color-5)","background-image":"","background-repeat":"repeat","background-position":"center center","background-size":"auto","background-attachment":"scroll","background-type":"","background-media":"","overlay-type":"","overlay-color":"","overlay-opacity":"","overlay-gradient":""},"tablet":{"background-color":"var(--ast-global-color-5)","background-image":"","background-repeat":"repeat","background-position":"center center","background-size":"auto","background-attachment":"scroll","background-type":"","background-media":"","overlay-type":"","overlay-color":"","overlay-opacity":"","overlay-gradient":""},"mobile":{"background-color":"var(--ast-global-color-5)","background-image":"","background-repeat":"repeat","background-position":"center center","background-size":"auto","background-attachment":"scroll","background-type":"","background-media":"","overlay-type":"","overlay-color":"","overlay-opacity":"","overlay-gradient":""}},"footnotes":""},"categories":[11],"tags":[],"class_list":["post-1245","post","type-post","status-publish","format-standard","has-post-thumbnail","hentry","category-sense-categoria"],"yoast_head":"<!-- This site is optimized with the Yoast SEO plugin v27.2 - https:\/\/yoast.com\/product\/yoast-seo-wordpress\/ -->\n<title>Nova fiscalitat a Catalunya: el que has de saber si compres, vens o llogues habitatge a Girona &#8226; Finques Costa Brava<\/title>\n<meta name=\"description\" content=\"A Finques Costa Brava, com a experts en el mercat immobiliari de Palafrugell, Tamariu i tota la Costa Brava. tot just una setmana, han entrat en vigor\" \/>\n<meta name=\"robots\" content=\"index, follow, max-snippet:-1, max-image-preview:large, max-video-preview:-1\" \/>\n<link rel=\"canonical\" href=\"https:\/\/www.costabravainmobiliaria.com\/ca\/nova-fiscalitat-a-catalunya-el-que-has-de-saber-si-compres-vens-o-llogues-habitatge-a-girona\/\" \/>\n<meta property=\"og:locale\" content=\"ca_ES\" \/>\n<meta property=\"og:type\" content=\"article\" \/>\n<meta property=\"og:title\" content=\"Nova fiscalitat a Catalunya: el que has de saber si compres, vens o llogues habitatge a Girona &#8226; Finques Costa Brava\" \/>\n<meta property=\"og:description\" content=\"A Finques Costa Brava, com a experts en el mercat immobiliari de Palafrugell, Tamariu i tota la Costa Brava. tot just una setmana, han entrat en vigor\" \/>\n<meta property=\"og:url\" content=\"https:\/\/www.costabravainmobiliaria.com\/ca\/nova-fiscalitat-a-catalunya-el-que-has-de-saber-si-compres-vens-o-llogues-habitatge-a-girona\/\" \/>\n<meta property=\"og:site_name\" content=\"Finques Costa Brava\" \/>\n<meta property=\"article:published_time\" content=\"2025-07-12T18:11:59+00:00\" \/>\n<meta property=\"og:image\" content=\"https:\/\/www.costabravainmobiliaria.com\/wp-content\/uploads\/2025\/07\/fiscalidad.png\" \/>\n\t<meta property=\"og:image:width\" content=\"800\" \/>\n\t<meta property=\"og:image:height\" content=\"500\" \/>\n\t<meta property=\"og:image:type\" content=\"image\/png\" \/>\n<meta name=\"author\" content=\"user\" \/>\n<meta name=\"twitter:card\" content=\"summary_large_image\" \/>\n<meta name=\"twitter:label1\" content=\"Escrit per\" \/>\n\t<meta name=\"twitter:data1\" content=\"user\" \/>\n\t<meta name=\"twitter:label2\" content=\"Temps estimat de lectura\" \/>\n\t<meta name=\"twitter:data2\" content=\"2 minuts\" \/>\n<script type=\"application\/ld+json\" class=\"yoast-schema-graph\">{\"@context\":\"https:\/\/schema.org\",\"@graph\":[{\"@type\":[\"Article\",\"BlogPosting\"],\"@id\":\"https:\/\/www.costabravainmobiliaria.com\/ca\/nova-fiscalitat-a-catalunya-el-que-has-de-saber-si-compres-vens-o-llogues-habitatge-a-girona\/#article\",\"isPartOf\":{\"@id\":\"https:\/\/www.costabravainmobiliaria.com\/ca\/nova-fiscalitat-a-catalunya-el-que-has-de-saber-si-compres-vens-o-llogues-habitatge-a-girona\/\"},\"author\":{\"name\":\"user\",\"@id\":\"https:\/\/www.costabravainmobiliaria.com\/ca\/#\/schema\/person\/ba52da5b8a8f0a28ceccdd26c6955cd1\"},\"headline\":\"Nova fiscalitat a Catalunya: el que has de saber si compres, vens o llogues habitatge a Girona\",\"datePublished\":\"2025-07-12T18:11:59+00:00\",\"mainEntityOfPage\":{\"@id\":\"https:\/\/www.costabravainmobiliaria.com\/ca\/nova-fiscalitat-a-catalunya-el-que-has-de-saber-si-compres-vens-o-llogues-habitatge-a-girona\/\"},\"wordCount\":352,\"publisher\":{\"@id\":\"https:\/\/www.costabravainmobiliaria.com\/ca\/#organization\"},\"image\":{\"@id\":\"https:\/\/www.costabravainmobiliaria.com\/ca\/nova-fiscalitat-a-catalunya-el-que-has-de-saber-si-compres-vens-o-llogues-habitatge-a-girona\/#primaryimage\"},\"thumbnailUrl\":\"https:\/\/www.costabravainmobiliaria.com\/wp-content\/uploads\/2025\/07\/fiscalidad.png\",\"inLanguage\":\"ca\"},{\"@type\":\"WebPage\",\"@id\":\"https:\/\/www.costabravainmobiliaria.com\/ca\/nova-fiscalitat-a-catalunya-el-que-has-de-saber-si-compres-vens-o-llogues-habitatge-a-girona\/\",\"url\":\"https:\/\/www.costabravainmobiliaria.com\/ca\/nova-fiscalitat-a-catalunya-el-que-has-de-saber-si-compres-vens-o-llogues-habitatge-a-girona\/\",\"name\":\"Nova fiscalitat a Catalunya: el que has de saber si compres, vens o llogues habitatge a Girona &#8226; Finques Costa Brava\",\"isPartOf\":{\"@id\":\"https:\/\/www.costabravainmobiliaria.com\/ca\/#website\"},\"primaryImageOfPage\":{\"@id\":\"https:\/\/www.costabravainmobiliaria.com\/ca\/nova-fiscalitat-a-catalunya-el-que-has-de-saber-si-compres-vens-o-llogues-habitatge-a-girona\/#primaryimage\"},\"image\":{\"@id\":\"https:\/\/www.costabravainmobiliaria.com\/ca\/nova-fiscalitat-a-catalunya-el-que-has-de-saber-si-compres-vens-o-llogues-habitatge-a-girona\/#primaryimage\"},\"thumbnailUrl\":\"https:\/\/www.costabravainmobiliaria.com\/wp-content\/uploads\/2025\/07\/fiscalidad.png\",\"datePublished\":\"2025-07-12T18:11:59+00:00\",\"description\":\"A Finques Costa Brava, com a experts en el mercat immobiliari de Palafrugell, Tamariu i tota la Costa Brava. tot just una setmana, han entrat en vigor\",\"breadcrumb\":{\"@id\":\"https:\/\/www.costabravainmobiliaria.com\/ca\/nova-fiscalitat-a-catalunya-el-que-has-de-saber-si-compres-vens-o-llogues-habitatge-a-girona\/#breadcrumb\"},\"inLanguage\":\"ca\",\"potentialAction\":[{\"@type\":\"ReadAction\",\"target\":[\"https:\/\/www.costabravainmobiliaria.com\/ca\/nova-fiscalitat-a-catalunya-el-que-has-de-saber-si-compres-vens-o-llogues-habitatge-a-girona\/\"]}]},{\"@type\":\"ImageObject\",\"inLanguage\":\"ca\",\"@id\":\"https:\/\/www.costabravainmobiliaria.com\/ca\/nova-fiscalitat-a-catalunya-el-que-has-de-saber-si-compres-vens-o-llogues-habitatge-a-girona\/#primaryimage\",\"url\":\"https:\/\/www.costabravainmobiliaria.com\/wp-content\/uploads\/2025\/07\/fiscalidad.png\",\"contentUrl\":\"https:\/\/www.costabravainmobiliaria.com\/wp-content\/uploads\/2025\/07\/fiscalidad.png\",\"width\":800,\"height\":500},{\"@type\":\"BreadcrumbList\",\"@id\":\"https:\/\/www.costabravainmobiliaria.com\/ca\/nova-fiscalitat-a-catalunya-el-que-has-de-saber-si-compres-vens-o-llogues-habitatge-a-girona\/#breadcrumb\",\"itemListElement\":[{\"@type\":\"ListItem\",\"position\":1,\"name\":\"Portada\",\"item\":\"https:\/\/www.costabravainmobiliaria.com\/ca\/\"},{\"@type\":\"ListItem\",\"position\":2,\"name\":\"Nova fiscalitat a Catalunya: el que has de saber si compres, vens o llogues habitatge a Girona\"}]},{\"@type\":\"WebSite\",\"@id\":\"https:\/\/www.costabravainmobiliaria.com\/ca\/#website\",\"url\":\"https:\/\/www.costabravainmobiliaria.com\/ca\/\",\"name\":\"Finques Costa Brava\",\"description\":\"Immobiliaria a la Costa Brava\",\"publisher\":{\"@id\":\"https:\/\/www.costabravainmobiliaria.com\/ca\/#organization\"},\"potentialAction\":[{\"@type\":\"SearchAction\",\"target\":{\"@type\":\"EntryPoint\",\"urlTemplate\":\"https:\/\/www.costabravainmobiliaria.com\/ca\/?s={search_term_string}\"},\"query-input\":{\"@type\":\"PropertyValueSpecification\",\"valueRequired\":true,\"valueName\":\"search_term_string\"}}],\"inLanguage\":\"ca\"},{\"@type\":\"Organization\",\"@id\":\"https:\/\/www.costabravainmobiliaria.com\/ca\/#organization\",\"name\":\"Finques JORDI TAN\u00c9\",\"url\":\"https:\/\/www.costabravainmobiliaria.com\/ca\/\",\"logo\":{\"@type\":\"ImageObject\",\"inLanguage\":\"ca\",\"@id\":\"https:\/\/www.costabravainmobiliaria.com\/ca\/#\/schema\/logo\/image\/\",\"url\":\"https:\/\/costabravainmobiliaria.com\/wp-content\/uploads\/2021\/06\/logo.png\",\"contentUrl\":\"https:\/\/costabravainmobiliaria.com\/wp-content\/uploads\/2021\/06\/logo.png\",\"width\":180,\"height\":80,\"caption\":\"Finques JORDI TAN\u00c9\"},\"image\":{\"@id\":\"https:\/\/www.costabravainmobiliaria.com\/ca\/#\/schema\/logo\/image\/\"}},{\"@type\":\"Person\",\"@id\":\"https:\/\/www.costabravainmobiliaria.com\/ca\/#\/schema\/person\/ba52da5b8a8f0a28ceccdd26c6955cd1\",\"name\":\"user\",\"image\":{\"@type\":\"ImageObject\",\"inLanguage\":\"ca\",\"@id\":\"https:\/\/secure.gravatar.com\/avatar\/9927a224b9f9733c4feb9fdbfa81332fd2a62fe00eefee4c746caa088fb72e8c?s=96&d=mm&r=g\",\"url\":\"https:\/\/secure.gravatar.com\/avatar\/9927a224b9f9733c4feb9fdbfa81332fd2a62fe00eefee4c746caa088fb72e8c?s=96&d=mm&r=g\",\"contentUrl\":\"https:\/\/secure.gravatar.com\/avatar\/9927a224b9f9733c4feb9fdbfa81332fd2a62fe00eefee4c746caa088fb72e8c?s=96&d=mm&r=g\",\"caption\":\"user\"},\"url\":\"https:\/\/www.costabravainmobiliaria.com\/ca\/author\/user\/\"}]}<\/script>\n<!-- \/ Yoast SEO plugin. -->","yoast_head_json":{"title":"Nova fiscalitat a Catalunya: el que has de saber si compres, vens o llogues habitatge a Girona &#8226; Finques Costa Brava","description":"A Finques Costa Brava, com a experts en el mercat immobiliari de Palafrugell, Tamariu i tota la Costa Brava. tot just una setmana, han entrat en vigor","robots":{"index":"index","follow":"follow","max-snippet":"max-snippet:-1","max-image-preview":"max-image-preview:large","max-video-preview":"max-video-preview:-1"},"canonical":"https:\/\/www.costabravainmobiliaria.com\/ca\/nova-fiscalitat-a-catalunya-el-que-has-de-saber-si-compres-vens-o-llogues-habitatge-a-girona\/","og_locale":"ca_ES","og_type":"article","og_title":"Nova fiscalitat a Catalunya: el que has de saber si compres, vens o llogues habitatge a Girona &#8226; Finques Costa Brava","og_description":"A Finques Costa Brava, com a experts en el mercat immobiliari de Palafrugell, Tamariu i tota la Costa Brava. tot just una setmana, han entrat en vigor","og_url":"https:\/\/www.costabravainmobiliaria.com\/ca\/nova-fiscalitat-a-catalunya-el-que-has-de-saber-si-compres-vens-o-llogues-habitatge-a-girona\/","og_site_name":"Finques Costa Brava","article_published_time":"2025-07-12T18:11:59+00:00","og_image":[{"width":800,"height":500,"url":"https:\/\/www.costabravainmobiliaria.com\/wp-content\/uploads\/2025\/07\/fiscalidad.png","type":"image\/png"}],"author":"user","twitter_card":"summary_large_image","twitter_misc":{"Escrit per":"user","Temps estimat de lectura":"2 minuts"},"schema":{"@context":"https:\/\/schema.org","@graph":[{"@type":["Article","BlogPosting"],"@id":"https:\/\/www.costabravainmobiliaria.com\/ca\/nova-fiscalitat-a-catalunya-el-que-has-de-saber-si-compres-vens-o-llogues-habitatge-a-girona\/#article","isPartOf":{"@id":"https:\/\/www.costabravainmobiliaria.com\/ca\/nova-fiscalitat-a-catalunya-el-que-has-de-saber-si-compres-vens-o-llogues-habitatge-a-girona\/"},"author":{"name":"user","@id":"https:\/\/www.costabravainmobiliaria.com\/ca\/#\/schema\/person\/ba52da5b8a8f0a28ceccdd26c6955cd1"},"headline":"Nova fiscalitat a Catalunya: el que has de saber si compres, vens o llogues habitatge a Girona","datePublished":"2025-07-12T18:11:59+00:00","mainEntityOfPage":{"@id":"https:\/\/www.costabravainmobiliaria.com\/ca\/nova-fiscalitat-a-catalunya-el-que-has-de-saber-si-compres-vens-o-llogues-habitatge-a-girona\/"},"wordCount":352,"publisher":{"@id":"https:\/\/www.costabravainmobiliaria.com\/ca\/#organization"},"image":{"@id":"https:\/\/www.costabravainmobiliaria.com\/ca\/nova-fiscalitat-a-catalunya-el-que-has-de-saber-si-compres-vens-o-llogues-habitatge-a-girona\/#primaryimage"},"thumbnailUrl":"https:\/\/www.costabravainmobiliaria.com\/wp-content\/uploads\/2025\/07\/fiscalidad.png","inLanguage":"ca"},{"@type":"WebPage","@id":"https:\/\/www.costabravainmobiliaria.com\/ca\/nova-fiscalitat-a-catalunya-el-que-has-de-saber-si-compres-vens-o-llogues-habitatge-a-girona\/","url":"https:\/\/www.costabravainmobiliaria.com\/ca\/nova-fiscalitat-a-catalunya-el-que-has-de-saber-si-compres-vens-o-llogues-habitatge-a-girona\/","name":"Nova fiscalitat a Catalunya: el que has de saber si compres, vens o llogues habitatge a Girona &#8226; Finques Costa Brava","isPartOf":{"@id":"https:\/\/www.costabravainmobiliaria.com\/ca\/#website"},"primaryImageOfPage":{"@id":"https:\/\/www.costabravainmobiliaria.com\/ca\/nova-fiscalitat-a-catalunya-el-que-has-de-saber-si-compres-vens-o-llogues-habitatge-a-girona\/#primaryimage"},"image":{"@id":"https:\/\/www.costabravainmobiliaria.com\/ca\/nova-fiscalitat-a-catalunya-el-que-has-de-saber-si-compres-vens-o-llogues-habitatge-a-girona\/#primaryimage"},"thumbnailUrl":"https:\/\/www.costabravainmobiliaria.com\/wp-content\/uploads\/2025\/07\/fiscalidad.png","datePublished":"2025-07-12T18:11:59+00:00","description":"A Finques Costa Brava, com a experts en el mercat immobiliari de Palafrugell, Tamariu i tota la Costa Brava. tot just una setmana, han entrat en vigor","breadcrumb":{"@id":"https:\/\/www.costabravainmobiliaria.com\/ca\/nova-fiscalitat-a-catalunya-el-que-has-de-saber-si-compres-vens-o-llogues-habitatge-a-girona\/#breadcrumb"},"inLanguage":"ca","potentialAction":[{"@type":"ReadAction","target":["https:\/\/www.costabravainmobiliaria.com\/ca\/nova-fiscalitat-a-catalunya-el-que-has-de-saber-si-compres-vens-o-llogues-habitatge-a-girona\/"]}]},{"@type":"ImageObject","inLanguage":"ca","@id":"https:\/\/www.costabravainmobiliaria.com\/ca\/nova-fiscalitat-a-catalunya-el-que-has-de-saber-si-compres-vens-o-llogues-habitatge-a-girona\/#primaryimage","url":"https:\/\/www.costabravainmobiliaria.com\/wp-content\/uploads\/2025\/07\/fiscalidad.png","contentUrl":"https:\/\/www.costabravainmobiliaria.com\/wp-content\/uploads\/2025\/07\/fiscalidad.png","width":800,"height":500},{"@type":"BreadcrumbList","@id":"https:\/\/www.costabravainmobiliaria.com\/ca\/nova-fiscalitat-a-catalunya-el-que-has-de-saber-si-compres-vens-o-llogues-habitatge-a-girona\/#breadcrumb","itemListElement":[{"@type":"ListItem","position":1,"name":"Portada","item":"https:\/\/www.costabravainmobiliaria.com\/ca\/"},{"@type":"ListItem","position":2,"name":"Nova fiscalitat a Catalunya: el que has de saber si compres, vens o llogues habitatge a Girona"}]},{"@type":"WebSite","@id":"https:\/\/www.costabravainmobiliaria.com\/ca\/#website","url":"https:\/\/www.costabravainmobiliaria.com\/ca\/","name":"Finques Costa Brava","description":"Immobiliaria a la Costa Brava","publisher":{"@id":"https:\/\/www.costabravainmobiliaria.com\/ca\/#organization"},"potentialAction":[{"@type":"SearchAction","target":{"@type":"EntryPoint","urlTemplate":"https:\/\/www.costabravainmobiliaria.com\/ca\/?s={search_term_string}"},"query-input":{"@type":"PropertyValueSpecification","valueRequired":true,"valueName":"search_term_string"}}],"inLanguage":"ca"},{"@type":"Organization","@id":"https:\/\/www.costabravainmobiliaria.com\/ca\/#organization","name":"Finques JORDI TAN\u00c9","url":"https:\/\/www.costabravainmobiliaria.com\/ca\/","logo":{"@type":"ImageObject","inLanguage":"ca","@id":"https:\/\/www.costabravainmobiliaria.com\/ca\/#\/schema\/logo\/image\/","url":"https:\/\/costabravainmobiliaria.com\/wp-content\/uploads\/2021\/06\/logo.png","contentUrl":"https:\/\/costabravainmobiliaria.com\/wp-content\/uploads\/2021\/06\/logo.png","width":180,"height":80,"caption":"Finques JORDI TAN\u00c9"},"image":{"@id":"https:\/\/www.costabravainmobiliaria.com\/ca\/#\/schema\/logo\/image\/"}},{"@type":"Person","@id":"https:\/\/www.costabravainmobiliaria.com\/ca\/#\/schema\/person\/ba52da5b8a8f0a28ceccdd26c6955cd1","name":"user","image":{"@type":"ImageObject","inLanguage":"ca","@id":"https:\/\/secure.gravatar.com\/avatar\/9927a224b9f9733c4feb9fdbfa81332fd2a62fe00eefee4c746caa088fb72e8c?s=96&d=mm&r=g","url":"https:\/\/secure.gravatar.com\/avatar\/9927a224b9f9733c4feb9fdbfa81332fd2a62fe00eefee4c746caa088fb72e8c?s=96&d=mm&r=g","contentUrl":"https:\/\/secure.gravatar.com\/avatar\/9927a224b9f9733c4feb9fdbfa81332fd2a62fe00eefee4c746caa088fb72e8c?s=96&d=mm&r=g","caption":"user"},"url":"https:\/\/www.costabravainmobiliaria.com\/ca\/author\/user\/"}]}},"_links":{"self":[{"href":"https:\/\/www.costabravainmobiliaria.com\/ca\/wp-json\/wp\/v2\/posts\/1245","targetHints":{"allow":["GET"]}}],"collection":[{"href":"https:\/\/www.costabravainmobiliaria.com\/ca\/wp-json\/wp\/v2\/posts"}],"about":[{"href":"https:\/\/www.costabravainmobiliaria.com\/ca\/wp-json\/wp\/v2\/types\/post"}],"author":[{"embeddable":true,"href":"https:\/\/www.costabravainmobiliaria.com\/ca\/wp-json\/wp\/v2\/users\/1"}],"replies":[{"embeddable":true,"href":"https:\/\/www.costabravainmobiliaria.com\/ca\/wp-json\/wp\/v2\/comments?post=1245"}],"version-history":[{"count":1,"href":"https:\/\/www.costabravainmobiliaria.com\/ca\/wp-json\/wp\/v2\/posts\/1245\/revisions"}],"predecessor-version":[{"id":1251,"href":"https:\/\/www.costabravainmobiliaria.com\/ca\/wp-json\/wp\/v2\/posts\/1245\/revisions\/1251"}],"wp:featuredmedia":[{"embeddable":true,"href":"https:\/\/www.costabravainmobiliaria.com\/ca\/wp-json\/wp\/v2\/media\/1243"}],"wp:attachment":[{"href":"https:\/\/www.costabravainmobiliaria.com\/ca\/wp-json\/wp\/v2\/media?parent=1245"}],"wp:term":[{"taxonomy":"category","embeddable":true,"href":"https:\/\/www.costabravainmobiliaria.com\/ca\/wp-json\/wp\/v2\/categories?post=1245"},{"taxonomy":"post_tag","embeddable":true,"href":"https:\/\/www.costabravainmobiliaria.com\/ca\/wp-json\/wp\/v2\/tags?post=1245"}],"curies":[{"name":"wp","href":"https:\/\/api.w.org\/{rel}","templated":true}]}}